{"id":3023,"date":"2024-06-12T09:05:40","date_gmt":"2024-06-12T07:05:40","guid":{"rendered":"https:\/\/christowski.de\/blog\/?p=3023"},"modified":"2024-06-12T09:17:43","modified_gmt":"2024-06-12T07:17:43","slug":"was-wenn-die-an-die-macht-kommen","status":"publish","type":"post","link":"https:\/\/christowski.de\/blog\/2024\/06\/was-wenn-die-an-die-macht-kommen\/","title":{"rendered":"Was, wenn die an die Macht kommen?"},"content":{"rendered":"<p>Seit einigen Jahren spukt durch meinen queeren Freundeskreis die Frage: \u00bbWohin geht ihr, wenn die an die Macht kommen?\u00ab Man fragt es sich abends beim gemeinsamen Essen oder drau\u00dfen im Park beim Picknick unter Regenbogenfahnen. \u00bbIn welchem Land k\u00f6nnen wir dann sicher leben?\u00ab Ich habe mich immer ein wenig gegen diese Frage und \u00dcberlegung gestr\u00e4ubt. Vielleicht fand ich sie \u00fcbertrieben, vielleicht zu unbequem. Aber ab und an merke ich, wie sie sich auch in meinem Kopf eingenistet hat, und vor sich hin geistert. Wir schleichen um sie herum, so wie das blaue Gespenst um uns.<\/p>\n<p>Aber rumsitzen und ihm zusehen ist ja auch keine Option. Ich fand den Vortrag von Arne Semsrott auf der diesj\u00e4hrigen re:publica sehr gut: \u00bbMacht\u00fcbernahme: Was tun, wenn die AfD an die Regierung kommt?\u00ab (<a href=\"https:\/\/youtu.be\/GrtG8bxRIb4?si=1vv50Y6nFLSNU4Sm\">YouTube<\/a>). Arne hat dieses Jahr ein Buch zu diesem Thema ver\u00f6ffentlicht (\u00bb<a href=\"https:\/\/www.droemer-knaur.de\/buch\/arne-semsrott-machtuebernahme-9783426659847\">Macht\u00fcbernahme<\/a>\u00ab), und sein Talk ist eine gute Einleitung (oder Kurzfassung? Ich habe das Buch zugegebenerma\u00dfen nicht gelesen) ins Thema.<\/p>\n<blockquote><p>Was tun, wenn die Brandmauer brennt und die AfD in Ministerien einzieht? Was lang unm\u00f6glich schien, kann in diesem Jahr passieren: Bei EU-, Landtags- und Kommunalwahlen hat die AfD teils gute Chancen, zur st\u00e4rksten Kraft zu werden. Lasst uns dar\u00fcber sprechen, was wir tun k\u00f6nnen, wenn es zu sp\u00e4t ist.<\/p><\/blockquote>\n<p>Er skizziert im Vortrag ganz gut den schleichenden Prozess, mit dem die AfD teilweise heute schon demokratische Prozesse aush\u00f6hlt. Er benennt das immer fortlaufende \u00bbIst schlimm, aber doch nicht ganz so schlimm wie bef\u00fcrchtet\u00ab Gef\u00fchl, das mit jedem Wahlerfolg der Partei neu aufkommt (vgl. der Frosch, der im immer hei\u00dfer werdenden Wasser sitzt), und macht klar, wie die AfD Schritt f\u00fcr Schritt in Entscheidungspositionen kommen kann und so unsere Rechte und Freiheiten eind\u00e4mmen k\u00f6nnte.<\/p>\n<p>Au\u00dferdem nennt Arne f\u00fcnf Handlungsm\u00f6glichkeiten, die wir jetzt schon angehen und beachten k\u00f6nnen:<\/p>\n<p><strong>Offene R\u00e4ume schaffen,<\/strong> die Sicherheit und Platz f\u00fcr konstruktive Debatten schaffen (Publix, das neue Haus f\u00fcr Journalismus, mit dem ich zusammenarbeite, wird bspw. so ein Ort. Digitale R\u00e4ume wie die Wikipedia geh\u00f6rt da auch dazu!)<\/p>\n<p><strong>F\u00fcr <i>mehr<\/i> Demokratie k\u00e4mpfen.<\/strong> <i>As in:<\/i> Nicht nur den Status Quo verteidigen, sondern mehr einfordern, und eigene Visionen anbieten und vorantreiben.<\/p>\n<p><strong>Datenschutz.<\/strong> Ja, nervig, aber wichtig: Je weniger Daten und Infos antidemokratische Parteien wie die AfD bekommen k\u00f6nnen, desto weniger handlungsf\u00e4hig sind sie.<\/p>\n<p><strong>Spenden.<\/strong> Demokratische Arbeit kostet Geld, und wenn die AfD mehr Macht bekommt, bekommen Demokratieinitiativen noch weniger oder gar keine Gelder mehr.<\/p>\n<p><strong>Prepping for Future.<\/strong> Soll hei\u00dfen: Sich mental auf den Ernstfall vorbereiten. Wen rufe ich an, wenn das n\u00e4chste Wahlergebnis Angst macht? Wie kann ich mich solidarisch zeigen? Wie k\u00f6nnen wir verbunden bleiben? Dazu geh\u00f6rt Zugewandtheit und Wachsamkeit, und das ist nicht viel aufw\u00e4ndiger als \u00bbmal wieder anzurufen\u00ab. Oder eben solchen Sorgen wie der ganz oben beschriebenen nicht direkt aus dem Weg zu gehen.<\/p>\n<p>Der ganze Vortrag (28 Minuten) ist kostenfrei auf <a href=\"https:\/\/youtu.be\/GrtG8bxRIb4?si=1vv50Y6nFLSNU4Sm\">YouTube<\/a> verf\u00fcgbar.<\/p>\n","protected":false},"excerpt":{"rendered":"<p>Seit einigen Jahren spukt durch meinen queeren Freundeskreis die Frage: \u00bbWohin geht ihr, wenn die an die Macht kommen?\u00ab Man fragt es sich abends beim gemeinsamen Essen oder drau\u00dfen im Park beim Picknick unter Regenbogenfahnen. \u00bbIn welchem Land k\u00f6nnen wir dann sicher leben?\u00ab Ich habe mich immer ein wenig gegen diese Frage und \u00dcberlegung gestr\u00e4ubt. <a href=\"https:\/\/christowski.de\/blog\/2024\/06\/was-wenn-die-an-die-macht-kommen\/\" class=\"more-link\">&#8230;<span class=\"screen-reader-text\">  Was, wenn die an die Macht kommen?<\/span><\/a><\/p>\n","protected":false},"author":1,"featured_media":0,"comment_status":"closed","ping_status":"open","sticky":false,"template":"","format":"standard","meta":{"footnotes":""},"categories":[1197,1200,1204],"tags":[88,292,3,2],"class_list":["post-3023","post","type-post","status-publish","format-standard","hentry","category-beobachtungen","category-gefuehlslagen","category-ueber-medien","tag-politik","tag-republica","tag-schreiben","tag-text"],"_links":{"self":[{"href":"https:\/\/christowski.de\/blog\/wp-json\/wp\/v2\/posts\/3023","targetHints":{"allow":["GET"]}}],"collection":[{"href":"https:\/\/christowski.de\/blog\/wp-json\/wp\/v2\/posts"}],"about":[{"href":"https:\/\/christowski.de\/blog\/wp-json\/wp\/v2\/types\/post"}],"author":[{"embeddable":true,"href":"https:\/\/christowski.de\/blog\/wp-json\/wp\/v2\/users\/1"}],"replies":[{"embeddable":true,"href":"https:\/\/christowski.de\/blog\/wp-json\/wp\/v2\/comments?post=3023"}],"version-history":[{"count":11,"href":"https:\/\/christowski.de\/blog\/wp-json\/wp\/v2\/posts\/3023\/revisions"}],"predecessor-version":[{"id":3035,"href":"https:\/\/christowski.de\/blog\/wp-json\/wp\/v2\/posts\/3023\/revisions\/3035"}],"wp:attachment":[{"href":"https:\/\/christowski.de\/blog\/wp-json\/wp\/v2\/media?parent=3023"}],"wp:term":[{"taxonomy":"category","embeddable":true,"href":"https:\/\/christowski.de\/blog\/wp-json\/wp\/v2\/categories?post=3023"},{"taxonomy":"post_tag","embeddable":true,"href":"https:\/\/christowski.de\/blog\/wp-json\/wp\/v2\/tags?post=3023"}],"curies":[{"name":"wp","href":"https:\/\/api.w.org\/{rel}","templated":true}]}}